{"id":2604,"date":"2025-04-16T08:50:47","date_gmt":"2025-04-16T06:50:47","guid":{"rendered":"https:\/\/www.mldantiques.com\/?p=2604"},"modified":"2025-04-16T08:50:47","modified_gmt":"2025-04-16T06:50:47","slug":"canape-depoque-louis-xv-en-hetre-laque-estampille-par-jean-baptiste-delaunay-vers-1770","status":"publish","type":"post","link":"https:\/\/www.mldantiques.com\/en\/canape-depoque-louis-xv-en-hetre-laque-estampille-par-jean-baptiste-delaunay-vers-1770\/","title":{"rendered":"Louis XV Period Beechwood Lacquered Sofa Stamped by Jean-Baptiste Delaunay, Circa 1770"},"content":{"rendered":"<p><b>Louis XV Period Beechwood Lacquered Sofa Stamped by Jean-Baptiste Delaunay, Circa 1770<\/b><\/p>\n<p>Ce canap\u00e9 \u00e9l\u00e9gant, estampill\u00e9 par Jean-Baptiste Delaunay, ma\u00eetre en 1764, est r\u00e9alis\u00e9 en h\u00eatre sculpt\u00e9 et laqu\u00e9 gris. Il pr\u00e9sente un d\u00e9cor de fleurettes et feuillages stylis\u00e9s, ainsi que des consoles d&#8217;accotoirs en coup de fouet. Le canap\u00e9 repose sur six pieds cambr\u00e9s nervur\u00e9s et filets sur l\u2019avant.<\/p>\n<p>\u0152uvre fran\u00e7aise d&#8217;\u00e9poque Louis XV, vers 1770, ce canap\u00e9 est un bel exemple du savoir-faire de Delaunay, reconnu pour ses cr\u00e9ations aux lignes pures et harmonieuses.<\/p>\n<h4><b>Dimensions:<\/b><\/h4>\n<p>Back Height: 42.1 inches.<\/p>\n<p>Length: 49.6 inches.<\/p>\n<p>Depth: 24.4 inches.<\/p>\n<p>Seat Height: 15.7 inches.<\/p>\n<p>In very good condition, the sofa has been recently reupholstered with a beautiful floral fabric in yellow.<\/p>\n<p><b>Biography:<\/b><\/p>\n<p>Jean-Baptiste Delaunay, install\u00e9 rue Saint-Martin, est reconnu pour ses si\u00e8ges aux formes pures et au d\u00e9cor sobre, dans le style Louis XV et Louis XVI. Il est consid\u00e9r\u00e9 comme l&#8217;un des meilleurs menuisier-\u00e9b\u00e9nistes de son \u00e9poque.<\/p>\n<p><b>Bibliography:<\/b><\/p>\n<p>Le Mobilier Fran\u00e7ais du XVIII\u00e8me Si\u00e8cle par Pierre Kjellberg, Les \u00c9ditions de l&#8217;Amateur, 2008.<\/p>\n<p>Les \u00e9b\u00e9nistes du XVIIIe si\u00e8cle par Comte Fran\u00e7ois de Salverte, Les \u00e9ditions d&#8217;Art et d&#8217;Histoire, 1934.<\/p>","protected":false},"excerpt":{"rendered":"<p>Canap\u00e9 d\u2019\u00e9poque Louis XV en H\u00eatre Laqu\u00e9 estampill\u00e9 par Jean-Baptiste Delaunay, Vers 1770 Ce canap\u00e9 \u00e9l\u00e9gant, estampill\u00e9 par Jean-Baptiste Delaunay, ma\u00eetre en 1764, est r\u00e9alis\u00e9 en h\u00eatre sculpt\u00e9 et laqu\u00e9 gris. Il pr\u00e9sente un d\u00e9cor de fleurettes et feuillages stylis\u00e9s, ainsi que des consoles d&#8217;accotoirs en coup de fouet. Le canap\u00e9 repose sur six pieds [&hellip;]<\/p>\n","protected":false},"author":4,"featured_media":2605,"comment_status":"closed","ping_status":"open","sticky":false,"template":"","format":"standard","meta":{"nf_dc_page":"","footnotes":""},"categories":[1],"tags":[],"class_list":["post-2604","post","type-post","status-publish","format-standard","has-post-thumbnail","hentry","category-cate"],"yoast_head":"<!-- This site is optimized with the Yoast SEO plugin v27.4 - https:\/\/yoast.com\/product\/yoast-seo-wordpress\/ -->\n<title>Canap\u00e9 d\u2019\u00e9poque Louis XV en H\u00eatre Laqu\u00e9 estampill\u00e9 par Jean-Baptiste Delaunay, Vers 1770 - MLD Antiquit\u00e9s<\/title>\n<meta name=\"robots\" content=\"index, follow, max-snippet:-1, max-image-preview:large, max-video-preview:-1\" \/>\n<link rel=\"canonical\" href=\"https:\/\/www.mldantiques.com\/en\/canape-depoque-louis-xv-en-hetre-laque-estampille-par-jean-baptiste-delaunay-vers-1770\/\" \/>\n<meta property=\"og:locale\" content=\"en_GB\" \/>\n<meta property=\"og:type\" content=\"article\" \/>\n<meta property=\"og:title\" content=\"Canap\u00e9 d\u2019\u00e9poque Louis XV en H\u00eatre Laqu\u00e9 estampill\u00e9 par Jean-Baptiste Delaunay, Vers 1770 - MLD Antiquit\u00e9s\" \/>\n<meta property=\"og:description\" content=\"Canap\u00e9 d\u2019\u00e9poque Louis XV en H\u00eatre Laqu\u00e9 estampill\u00e9 par Jean-Baptiste Delaunay, Vers 1770 Ce canap\u00e9 \u00e9l\u00e9gant, estampill\u00e9 par Jean-Baptiste Delaunay, ma\u00eetre en 1764, est r\u00e9alis\u00e9 en h\u00eatre sculpt\u00e9 et laqu\u00e9 gris. Il pr\u00e9sente un d\u00e9cor de fleurettes et feuillages stylis\u00e9s, ainsi que des consoles d&#8217;accotoirs en coup de fouet. Le canap\u00e9 repose sur six pieds [&hellip;]\" \/>\n<meta property=\"og:url\" content=\"https:\/\/www.mldantiques.com\/en\/canape-depoque-louis-xv-en-hetre-laque-estampille-par-jean-baptiste-delaunay-vers-1770\/\" \/>\n<meta property=\"og:site_name\" content=\"MLD Antiquit\u00e9s\" \/>\n<meta property=\"article:publisher\" content=\"https:\/\/www.facebook.com\/ParisAntiqueDotCom\/\" \/>\n<meta property=\"article:published_time\" content=\"2025-04-16T06:50:47+00:00\" \/>\n<meta property=\"og:image\" content=\"https:\/\/www.mldantiques.com\/wp-content\/uploads\/2025\/04\/A7300460.jpg\" \/>\n\t<meta property=\"og:image:width\" content=\"1200\" \/>\n\t<meta property=\"og:image:height\" content=\"1200\" \/>\n\t<meta property=\"og:image:type\" content=\"image\/jpeg\" \/>\n<meta name=\"author\" content=\"Info\" \/>\n<meta name=\"twitter:card\" content=\"summary_large_image\" \/>\n<meta name=\"twitter:label1\" content=\"Written by\" \/>\n\t<meta name=\"twitter:data1\" content=\"Info\" \/>\n\t<meta name=\"twitter:label2\" content=\"Estimated reading time\" \/>\n\t<meta name=\"twitter:data2\" content=\"2 minutes\" \/>\n<script type=\"application\/ld+json\" class=\"yoast-schema-graph\">{\"@context\":\"https:\\\/\\\/schema.org\",\"@graph\":[{\"@type\":\"Article\",\"@id\":\"https:\\\/\\\/www.mldantiques.com\\\/canape-depoque-louis-xv-en-hetre-laque-estampille-par-jean-baptiste-delaunay-vers-1770\\\/#article\",\"isPartOf\":{\"@id\":\"https:\\\/\\\/www.mldantiques.com\\\/canape-depoque-louis-xv-en-hetre-laque-estampille-par-jean-baptiste-delaunay-vers-1770\\\/\"},\"author\":{\"name\":\"Info\",\"@id\":\"https:\\\/\\\/www.mldantiques.com\\\/#\\\/schema\\\/person\\\/d054d184f2b3af70a8fbb6373e69c7d9\"},\"headline\":\"Canap\u00e9 d\u2019\u00e9poque Louis XV en H\u00eatre Laqu\u00e9 estampill\u00e9 par Jean-Baptiste Delaunay, Vers 1770\",\"datePublished\":\"2025-04-16T06:50:47+00:00\",\"mainEntityOfPage\":{\"@id\":\"https:\\\/\\\/www.mldantiques.com\\\/canape-depoque-louis-xv-en-hetre-laque-estampille-par-jean-baptiste-delaunay-vers-1770\\\/\"},\"wordCount\":229,\"publisher\":{\"@id\":\"https:\\\/\\\/www.mldantiques.com\\\/#organization\"},\"image\":{\"@id\":\"https:\\\/\\\/www.mldantiques.com\\\/canape-depoque-louis-xv-en-hetre-laque-estampille-par-jean-baptiste-delaunay-vers-1770\\\/#primaryimage\"},\"thumbnailUrl\":\"https:\\\/\\\/www.mldantiques.com\\\/wp-content\\\/uploads\\\/2025\\\/04\\\/A7300460.jpg\",\"articleSection\":[\"cate\"],\"inLanguage\":\"en-GB\"},{\"@type\":\"WebPage\",\"@id\":\"https:\\\/\\\/www.mldantiques.com\\\/canape-depoque-louis-xv-en-hetre-laque-estampille-par-jean-baptiste-delaunay-vers-1770\\\/\",\"url\":\"https:\\\/\\\/www.mldantiques.com\\\/canape-depoque-louis-xv-en-hetre-laque-estampille-par-jean-baptiste-delaunay-vers-1770\\\/\",\"name\":\"Canap\u00e9 d\u2019\u00e9poque Louis XV en H\u00eatre Laqu\u00e9 estampill\u00e9 par Jean-Baptiste Delaunay, Vers 1770 - MLD Antiquit\u00e9s\",\"isPartOf\":{\"@id\":\"https:\\\/\\\/www.mldantiques.com\\\/#website\"},\"primaryImageOfPage\":{\"@id\":\"https:\\\/\\\/www.mldantiques.com\\\/canape-depoque-louis-xv-en-hetre-laque-estampille-par-jean-baptiste-delaunay-vers-1770\\\/#primaryimage\"},\"image\":{\"@id\":\"https:\\\/\\\/www.mldantiques.com\\\/canape-depoque-louis-xv-en-hetre-laque-estampille-par-jean-baptiste-delaunay-vers-1770\\\/#primaryimage\"},\"thumbnailUrl\":\"https:\\\/\\\/www.mldantiques.com\\\/wp-content\\\/uploads\\\/2025\\\/04\\\/A7300460.jpg\",\"datePublished\":\"2025-04-16T06:50:47+00:00\",\"breadcrumb\":{\"@id\":\"https:\\\/\\\/www.mldantiques.com\\\/canape-depoque-louis-xv-en-hetre-laque-estampille-par-jean-baptiste-delaunay-vers-1770\\\/#breadcrumb\"},\"inLanguage\":\"en-GB\",\"potentialAction\":[{\"@type\":\"ReadAction\",\"target\":[\"https:\\\/\\\/www.mldantiques.com\\\/canape-depoque-louis-xv-en-hetre-laque-estampille-par-jean-baptiste-delaunay-vers-1770\\\/\"]}]},{\"@type\":\"ImageObject\",\"inLanguage\":\"en-GB\",\"@id\":\"https:\\\/\\\/www.mldantiques.com\\\/canape-depoque-louis-xv-en-hetre-laque-estampille-par-jean-baptiste-delaunay-vers-1770\\\/#primaryimage\",\"url\":\"https:\\\/\\\/www.mldantiques.com\\\/wp-content\\\/uploads\\\/2025\\\/04\\\/A7300460.jpg\",\"contentUrl\":\"https:\\\/\\\/www.mldantiques.com\\\/wp-content\\\/uploads\\\/2025\\\/04\\\/A7300460.jpg\",\"width\":1200,\"height\":1200},{\"@type\":\"BreadcrumbList\",\"@id\":\"https:\\\/\\\/www.mldantiques.com\\\/canape-depoque-louis-xv-en-hetre-laque-estampille-par-jean-baptiste-delaunay-vers-1770\\\/#breadcrumb\",\"itemListElement\":[{\"@type\":\"ListItem\",\"position\":1,\"name\":\"Accueil\",\"item\":\"https:\\\/\\\/www.mldantiques.com\\\/\"},{\"@type\":\"ListItem\",\"position\":2,\"name\":\"Canap\u00e9 d\u2019\u00e9poque Louis XV en H\u00eatre Laqu\u00e9 estampill\u00e9 par Jean-Baptiste Delaunay, Vers 1770\"}]},{\"@type\":\"WebSite\",\"@id\":\"https:\\\/\\\/www.mldantiques.com\\\/#website\",\"url\":\"https:\\\/\\\/www.mldantiques.com\\\/\",\"name\":\"MLD Antiquites\",\"description\":\"Votre Antiquaire Parisien\",\"publisher\":{\"@id\":\"https:\\\/\\\/www.mldantiques.com\\\/#organization\"},\"potentialAction\":[{\"@type\":\"SearchAction\",\"target\":{\"@type\":\"EntryPoint\",\"urlTemplate\":\"https:\\\/\\\/www.mldantiques.com\\\/?s={search_term_string}\"},\"query-input\":{\"@type\":\"PropertyValueSpecification\",\"valueRequired\":true,\"valueName\":\"search_term_string\"}}],\"inLanguage\":\"en-GB\"},{\"@type\":\"Organization\",\"@id\":\"https:\\\/\\\/www.mldantiques.com\\\/#organization\",\"name\":\"MLD Antiquit\u00e9s\",\"url\":\"https:\\\/\\\/www.mldantiques.com\\\/\",\"logo\":{\"@type\":\"ImageObject\",\"inLanguage\":\"en-GB\",\"@id\":\"https:\\\/\\\/www.mldantiques.com\\\/#\\\/schema\\\/logo\\\/image\\\/\",\"url\":\"https:\\\/\\\/www.mldantiques.com\\\/wp-content\\\/uploads\\\/2020\\\/07\\\/android-chrome-512x512-1.png\",\"contentUrl\":\"https:\\\/\\\/www.mldantiques.com\\\/wp-content\\\/uploads\\\/2020\\\/07\\\/android-chrome-512x512-1.png\",\"width\":512,\"height\":512,\"caption\":\"MLD Antiquit\u00e9s\"},\"image\":{\"@id\":\"https:\\\/\\\/www.mldantiques.com\\\/#\\\/schema\\\/logo\\\/image\\\/\"},\"sameAs\":[\"https:\\\/\\\/www.facebook.com\\\/ParisAntiqueDotCom\\\/\",\"https:\\\/\\\/www.instagram.com\\\/mldantiquites\\\/\",\"https:\\\/\\\/www.pinterest.fr\\\/marcdebono\\\/\"]},{\"@type\":\"Person\",\"@id\":\"https:\\\/\\\/www.mldantiques.com\\\/#\\\/schema\\\/person\\\/d054d184f2b3af70a8fbb6373e69c7d9\",\"name\":\"Info\",\"image\":{\"@type\":\"ImageObject\",\"inLanguage\":\"en-GB\",\"@id\":\"https:\\\/\\\/secure.gravatar.com\\\/avatar\\\/0b8836280bb59b31e99c866f99950f95492f157c8edcc6fe4bc0efa540488722?s=96&d=mm&r=g\",\"url\":\"https:\\\/\\\/secure.gravatar.com\\\/avatar\\\/0b8836280bb59b31e99c866f99950f95492f157c8edcc6fe4bc0efa540488722?s=96&d=mm&r=g\",\"contentUrl\":\"https:\\\/\\\/secure.gravatar.com\\\/avatar\\\/0b8836280bb59b31e99c866f99950f95492f157c8edcc6fe4bc0efa540488722?s=96&d=mm&r=g\",\"caption\":\"Info\"}}]}<\/script>\n<!-- \/ Yoast SEO plugin. -->","yoast_head_json":{"title":"Canap\u00e9 d\u2019\u00e9poque Louis XV en H\u00eatre Laqu\u00e9 estampill\u00e9 par Jean-Baptiste Delaunay, Vers 1770 - MLD Antiquit\u00e9s","robots":{"index":"index","follow":"follow","max-snippet":"max-snippet:-1","max-image-preview":"max-image-preview:large","max-video-preview":"max-video-preview:-1"},"canonical":"https:\/\/www.mldantiques.com\/en\/canape-depoque-louis-xv-en-hetre-laque-estampille-par-jean-baptiste-delaunay-vers-1770\/","og_locale":"en_GB","og_type":"article","og_title":"Canap\u00e9 d\u2019\u00e9poque Louis XV en H\u00eatre Laqu\u00e9 estampill\u00e9 par Jean-Baptiste Delaunay, Vers 1770 - MLD Antiquit\u00e9s","og_description":"Canap\u00e9 d\u2019\u00e9poque Louis XV en H\u00eatre Laqu\u00e9 estampill\u00e9 par Jean-Baptiste Delaunay, Vers 1770 Ce canap\u00e9 \u00e9l\u00e9gant, estampill\u00e9 par Jean-Baptiste Delaunay, ma\u00eetre en 1764, est r\u00e9alis\u00e9 en h\u00eatre sculpt\u00e9 et laqu\u00e9 gris. Il pr\u00e9sente un d\u00e9cor de fleurettes et feuillages stylis\u00e9s, ainsi que des consoles d&#8217;accotoirs en coup de fouet. Le canap\u00e9 repose sur six pieds [&hellip;]","og_url":"https:\/\/www.mldantiques.com\/en\/canape-depoque-louis-xv-en-hetre-laque-estampille-par-jean-baptiste-delaunay-vers-1770\/","og_site_name":"MLD Antiquit\u00e9s","article_publisher":"https:\/\/www.facebook.com\/ParisAntiqueDotCom\/","article_published_time":"2025-04-16T06:50:47+00:00","og_image":[{"width":1200,"height":1200,"url":"https:\/\/www.mldantiques.com\/wp-content\/uploads\/2025\/04\/A7300460.jpg","type":"image\/jpeg"}],"author":"Info","twitter_card":"summary_large_image","twitter_misc":{"Written by":"Info","Estimated reading time":"2 minutes"},"schema":{"@context":"https:\/\/schema.org","@graph":[{"@type":"Article","@id":"https:\/\/www.mldantiques.com\/canape-depoque-louis-xv-en-hetre-laque-estampille-par-jean-baptiste-delaunay-vers-1770\/#article","isPartOf":{"@id":"https:\/\/www.mldantiques.com\/canape-depoque-louis-xv-en-hetre-laque-estampille-par-jean-baptiste-delaunay-vers-1770\/"},"author":{"name":"Info","@id":"https:\/\/www.mldantiques.com\/#\/schema\/person\/d054d184f2b3af70a8fbb6373e69c7d9"},"headline":"Canap\u00e9 d\u2019\u00e9poque Louis XV en H\u00eatre Laqu\u00e9 estampill\u00e9 par Jean-Baptiste Delaunay, Vers 1770","datePublished":"2025-04-16T06:50:47+00:00","mainEntityOfPage":{"@id":"https:\/\/www.mldantiques.com\/canape-depoque-louis-xv-en-hetre-laque-estampille-par-jean-baptiste-delaunay-vers-1770\/"},"wordCount":229,"publisher":{"@id":"https:\/\/www.mldantiques.com\/#organization"},"image":{"@id":"https:\/\/www.mldantiques.com\/canape-depoque-louis-xv-en-hetre-laque-estampille-par-jean-baptiste-delaunay-vers-1770\/#primaryimage"},"thumbnailUrl":"https:\/\/www.mldantiques.com\/wp-content\/uploads\/2025\/04\/A7300460.jpg","articleSection":["cate"],"inLanguage":"en-GB"},{"@type":"WebPage","@id":"https:\/\/www.mldantiques.com\/canape-depoque-louis-xv-en-hetre-laque-estampille-par-jean-baptiste-delaunay-vers-1770\/","url":"https:\/\/www.mldantiques.com\/canape-depoque-louis-xv-en-hetre-laque-estampille-par-jean-baptiste-delaunay-vers-1770\/","name":"Canap\u00e9 d\u2019\u00e9poque Louis XV en H\u00eatre Laqu\u00e9 estampill\u00e9 par Jean-Baptiste Delaunay, Vers 1770 - MLD Antiquit\u00e9s","isPartOf":{"@id":"https:\/\/www.mldantiques.com\/#website"},"primaryImageOfPage":{"@id":"https:\/\/www.mldantiques.com\/canape-depoque-louis-xv-en-hetre-laque-estampille-par-jean-baptiste-delaunay-vers-1770\/#primaryimage"},"image":{"@id":"https:\/\/www.mldantiques.com\/canape-depoque-louis-xv-en-hetre-laque-estampille-par-jean-baptiste-delaunay-vers-1770\/#primaryimage"},"thumbnailUrl":"https:\/\/www.mldantiques.com\/wp-content\/uploads\/2025\/04\/A7300460.jpg","datePublished":"2025-04-16T06:50:47+00:00","breadcrumb":{"@id":"https:\/\/www.mldantiques.com\/canape-depoque-louis-xv-en-hetre-laque-estampille-par-jean-baptiste-delaunay-vers-1770\/#breadcrumb"},"inLanguage":"en-GB","potentialAction":[{"@type":"ReadAction","target":["https:\/\/www.mldantiques.com\/canape-depoque-louis-xv-en-hetre-laque-estampille-par-jean-baptiste-delaunay-vers-1770\/"]}]},{"@type":"ImageObject","inLanguage":"en-GB","@id":"https:\/\/www.mldantiques.com\/canape-depoque-louis-xv-en-hetre-laque-estampille-par-jean-baptiste-delaunay-vers-1770\/#primaryimage","url":"https:\/\/www.mldantiques.com\/wp-content\/uploads\/2025\/04\/A7300460.jpg","contentUrl":"https:\/\/www.mldantiques.com\/wp-content\/uploads\/2025\/04\/A7300460.jpg","width":1200,"height":1200},{"@type":"BreadcrumbList","@id":"https:\/\/www.mldantiques.com\/canape-depoque-louis-xv-en-hetre-laque-estampille-par-jean-baptiste-delaunay-vers-1770\/#breadcrumb","itemListElement":[{"@type":"ListItem","position":1,"name":"Accueil","item":"https:\/\/www.mldantiques.com\/"},{"@type":"ListItem","position":2,"name":"Canap\u00e9 d\u2019\u00e9poque Louis XV en H\u00eatre Laqu\u00e9 estampill\u00e9 par Jean-Baptiste Delaunay, Vers 1770"}]},{"@type":"WebSite","@id":"https:\/\/www.mldantiques.com\/#website","url":"https:\/\/www.mldantiques.com\/","name":"MLD Antiquites","description":"Votre Antiquaire Parisien","publisher":{"@id":"https:\/\/www.mldantiques.com\/#organization"},"potentialAction":[{"@type":"SearchAction","target":{"@type":"EntryPoint","urlTemplate":"https:\/\/www.mldantiques.com\/?s={search_term_string}"},"query-input":{"@type":"PropertyValueSpecification","valueRequired":true,"valueName":"search_term_string"}}],"inLanguage":"en-GB"},{"@type":"Organization","@id":"https:\/\/www.mldantiques.com\/#organization","name":"MLD Antiquit\u00e9s","url":"https:\/\/www.mldantiques.com\/","logo":{"@type":"ImageObject","inLanguage":"en-GB","@id":"https:\/\/www.mldantiques.com\/#\/schema\/logo\/image\/","url":"https:\/\/www.mldantiques.com\/wp-content\/uploads\/2020\/07\/android-chrome-512x512-1.png","contentUrl":"https:\/\/www.mldantiques.com\/wp-content\/uploads\/2020\/07\/android-chrome-512x512-1.png","width":512,"height":512,"caption":"MLD Antiquit\u00e9s"},"image":{"@id":"https:\/\/www.mldantiques.com\/#\/schema\/logo\/image\/"},"sameAs":["https:\/\/www.facebook.com\/ParisAntiqueDotCom\/","https:\/\/www.instagram.com\/mldantiquites\/","https:\/\/www.pinterest.fr\/marcdebono\/"]},{"@type":"Person","@id":"https:\/\/www.mldantiques.com\/#\/schema\/person\/d054d184f2b3af70a8fbb6373e69c7d9","name":"Info","image":{"@type":"ImageObject","inLanguage":"en-GB","@id":"https:\/\/secure.gravatar.com\/avatar\/0b8836280bb59b31e99c866f99950f95492f157c8edcc6fe4bc0efa540488722?s=96&d=mm&r=g","url":"https:\/\/secure.gravatar.com\/avatar\/0b8836280bb59b31e99c866f99950f95492f157c8edcc6fe4bc0efa540488722?s=96&d=mm&r=g","contentUrl":"https:\/\/secure.gravatar.com\/avatar\/0b8836280bb59b31e99c866f99950f95492f157c8edcc6fe4bc0efa540488722?s=96&d=mm&r=g","caption":"Info"}}]}},"_links":{"self":[{"href":"https:\/\/www.mldantiques.com\/en\/wp-json\/wp\/v2\/posts\/2604","targetHints":{"allow":["GET"]}}],"collection":[{"href":"https:\/\/www.mldantiques.com\/en\/wp-json\/wp\/v2\/posts"}],"about":[{"href":"https:\/\/www.mldantiques.com\/en\/wp-json\/wp\/v2\/types\/post"}],"author":[{"embeddable":true,"href":"https:\/\/www.mldantiques.com\/en\/wp-json\/wp\/v2\/users\/4"}],"replies":[{"embeddable":true,"href":"https:\/\/www.mldantiques.com\/en\/wp-json\/wp\/v2\/comments?post=2604"}],"version-history":[{"count":1,"href":"https:\/\/www.mldantiques.com\/en\/wp-json\/wp\/v2\/posts\/2604\/revisions"}],"predecessor-version":[{"id":2606,"href":"https:\/\/www.mldantiques.com\/en\/wp-json\/wp\/v2\/posts\/2604\/revisions\/2606"}],"wp:featuredmedia":[{"embeddable":true,"href":"https:\/\/www.mldantiques.com\/en\/wp-json\/wp\/v2\/media\/2605"}],"wp:attachment":[{"href":"https:\/\/www.mldantiques.com\/en\/wp-json\/wp\/v2\/media?parent=2604"}],"wp:term":[{"taxonomy":"category","embeddable":true,"href":"https:\/\/www.mldantiques.com\/en\/wp-json\/wp\/v2\/categories?post=2604"},{"taxonomy":"post_tag","embeddable":true,"href":"https:\/\/www.mldantiques.com\/en\/wp-json\/wp\/v2\/tags?post=2604"}],"curies":[{"name":"wp","href":"https:\/\/api.w.org\/{rel}","templated":true}]}}